{"id":2971,"date":"2025-02-19T13:37:18","date_gmt":"2025-02-19T10:37:18","guid":{"rendered":"https:\/\/omerkutay.com\/?p=2971"},"modified":"2025-08-18T10:17:18","modified_gmt":"2025-08-18T07:17:18","slug":"est-ce-confortable-lorsque-les-protheses-sont-fixees-avec-des-implants","status":"publish","type":"post","link":"https:\/\/omerkutay.com\/fr\/est-ce-confortable-lorsque-les-protheses-sont-fixees-avec-des-implants\/","title":{"rendered":"Est-ce confortable lorsque les proth\u00e8ses dentaires sont fix\u00e9es avec des implants ?"},"content":{"rendered":"<p>Takma di\u015fler sabitlendikten sonra \u00e7i\u011fneme etkinli\u011fi yakla\u015f\u0131k %50 lerden %70-80 lere \u00e7\u0131k\u0131yor. E\u011fer implantlar\u0131n \u00fczerine sabit di\u015f tak\u0131l\u0131rsa \u00e7i\u011fneme\u00a0 yetkinli\u011fini ana di\u015flerde oldu\u011fu gibi %90 lar\u0131n \u00fczerine \u00e7\u0131k\u0131yor. Burada tabi \u00e7i\u011fneme \u00f6nemli . 2.si ise esteti\u011fin yerine konmu\u015f olmas\u0131 \u00e7ok \u00f6nemli.<\/p>\n<h2>Est-ce confortable lorsque les proth\u00e8ses dentaires sont fix\u00e9es avec des implants ?<\/h2>\n<p>Dans certains cas, lorsque l&#039;os de la m\u00e2choire s&#039;affaisse significativement au niveau des l\u00e8vres, une greffe osseuse et un remplacement osseux peuvent \u00eatre pratiqu\u00e9s pour restaurer l&#039;esth\u00e9tique. Cependant, pour les patients qui pr\u00e9f\u00e8rent \u00e9viter de telles interventions longues, une proth\u00e8se amovible sur implants peut \u00eatre pos\u00e9e. Il ne s&#039;agit pas d&#039;une proth\u00e8se volumineuse comme un dentier. Elle ressemble \u00e0 une proth\u00e8se dentaire que le patient peut ins\u00e9rer et retirer, mais il s&#039;agit d&#039;une proth\u00e8se partielle.<\/p>","protected":false},"excerpt":{"rendered":"<p>Takma di\u015fler sabitlendikten sonra \u00e7i\u011fneme etkinli\u011fi yakla\u015f\u0131k %50 lerden %70-80 lere \u00e7\u0131k\u0131yor. E\u011fer implantlar\u0131n \u00fczerine sabit di\u015f tak\u0131l\u0131rsa \u00e7i\u011fneme\u00a0 yetkinli\u011fini ana di\u015flerde oldu\u011fu gibi %90 lar\u0131n \u00fczerine \u00e7\u0131k\u0131yor. Burada tabi \u00e7i\u011fneme \u00f6nemli . 2.si ise esteti\u011fin yerine konmu\u015f olmas\u0131 \u00e7ok \u00f6nemli. Protezler \u0130mplant \u0130le Sabitlenince Rahat Ediliyor Mu? Baz\u0131 durumlarda\u00a0 \u00e7ene kemi\u011finde \u00e7ok fazla dudak [&hellip;]<\/p>","protected":false},"author":1,"featured_media":2972,"comment_status":"closed","ping_status":"open","sticky":false,"template":"","format":"standard","meta":{"footnotes":""},"categories":[41],"tags":[],"class_list":["post-2971","post","type-post","status-publish","format-standard","has-post-thumbnail","hentry","category-implant"],"_links":{"self":[{"href":"https:\/\/omerkutay.com\/fr\/wp-json\/wp\/v2\/posts\/2971","targetHints":{"allow":["GET"]}}],"collection":[{"href":"https:\/\/omerkutay.com\/fr\/wp-json\/wp\/v2\/posts"}],"about":[{"href":"https:\/\/omerkutay.com\/fr\/wp-json\/wp\/v2\/types\/post"}],"author":[{"embeddable":true,"href":"https:\/\/omerkutay.com\/fr\/wp-json\/wp\/v2\/users\/1"}],"replies":[{"embeddable":true,"href":"https:\/\/omerkutay.com\/fr\/wp-json\/wp\/v2\/comments?post=2971"}],"version-history":[{"count":0,"href":"https:\/\/omerkutay.com\/fr\/wp-json\/wp\/v2\/posts\/2971\/revisions"}],"wp:featuredmedia":[{"embeddable":true,"href":"https:\/\/omerkutay.com\/fr\/wp-json\/wp\/v2\/media\/2972"}],"wp:attachment":[{"href":"https:\/\/omerkutay.com\/fr\/wp-json\/wp\/v2\/media?parent=2971"}],"wp:term":[{"taxonomy":"category","embeddable":true,"href":"https:\/\/omerkutay.com\/fr\/wp-json\/wp\/v2\/categories?post=2971"},{"taxonomy":"post_tag","embeddable":true,"href":"https:\/\/omerkutay.com\/fr\/wp-json\/wp\/v2\/tags?post=2971"}],"curies":[{"name":"wp","href":"https:\/\/api.w.org\/{rel}","templated":true}]}}